{"id":1199,"date":"2012-01-20T10:00:37","date_gmt":"2012-01-20T12:00:37","guid":{"rendered":"http:\/\/www.ricardochaves.com.br\/?p=1199"},"modified":"2012-01-20T10:00:27","modified_gmt":"2012-01-20T12:00:27","slug":"foco","status":"publish","type":"post","link":"https:\/\/ww2.ricardochaves.com.br\/?p=1199","title":{"rendered":"Foco!"},"content":{"rendered":"<p style=\"text-align: justify;\">Salvador j\u00e1 come\u00e7a a se transformar para abrigar mais um Carnaval. Est\u00e1 se aproximando a t\u00e3o propagada <strong>\u201cmaior festa popular do planeta\u201d<\/strong>. A partir de agora, o soteropolitano sente sua proximidade, quando percebe que j\u00e1 surgem na paisagem as estruturas que abrigar\u00e3o os camarotes. Nesta \u00e9poca, tamb\u00e9m, a m\u00eddia abre espa\u00e7o para as not\u00edcias relacionadas ao evento. Nem todas elas s\u00e3o favor\u00e1veis. Nos \u00faltimos anos, o n\u00famero de mat\u00e9rias ressaltando algum ponto negativo \u00e9 cada vez maior. A abordagem das cr\u00edticas, ultimamente, tem sido quase sempre a mesma: o lucro de alguns grupos em uma festa que deveria ser popular &#8211; como se esse fosse o \u00fanico motivo que faz com que, aos olhos de alguns, a nossa festa perca cada vez mais o apelo popular.<!--more--><\/p>\n<p style=\"text-align: justify;\">Se a coisa fosse t\u00e3o simples assim, seria f\u00e1cil reverter o quadro em que se encontra hoje o Carnaval de Salvador. Em um sistema capitalista, a obten\u00e7\u00e3o de lucro \u00e9 o resultado de compet\u00eancia. N\u00e3o \u00e9 de hoje que pessoas e grupos lucram com a festa. Isso \u00e9 normal e saud\u00e1vel. No meu entender, o maior problema que enfrentamos \u00e9 o <strong>foco<\/strong>.<\/p>\n<p style=\"text-align: justify;\">Mais uma vez, mat\u00e9rias com cr\u00edticas ao nosso Carnaval devem come\u00e7ar a ser veiculadas. Quero convidar as pessoas envolvidas com a festa, principalmente os artistas, a repensarem o nosso foco. Alguns poder\u00e3o me chamar de saudosista, mas acho que o maior problema de hoje \u00e9 que uma grande parcela de n\u00f3s vem direcionando o seu foco para a m\u00eddia. Tudo hoje \u00e9 pensado visando atrair a aten\u00e7\u00e3o das tvs, dos sites, revistas e jornais, sem se importar com quem, em um passado recente, era o maior objeto da nossa conquista: o foli\u00e3o que sai na rua, seja em bloco ou na pipoca. Houve um tempo onde o nosso sucesso era medido pelo grau de satisfa\u00e7\u00e3o proporcionado \u00e0s pessoas que acompanhavam o nosso trio. Nos dias de hoje, o mais importante \u00e9 o tempo de exposi\u00e7\u00e3o na m\u00eddia. E tome-lhe inven\u00e7\u00e3o de parafern\u00e1lias cenogr\u00e1ficas nos trios, figurinos cada vez mais chamativos, m\u00fasicas de efeito imediato. Coisas que, sem d\u00favida, geram conte\u00fado midi\u00e1tico, mas n\u00e3o necessariamente atingem quem deveria ser o foco. Essa \u00e9 uma vis\u00e3o bem pessoal, fruto de longos anos participando da festa e observando seus movimentos.<\/p>\n<p style=\"text-align: justify;\">Claro que a m\u00eddia \u00e9 fundamental na carreira de um artista, mas sua busca n\u00e3o pode ditar as regras de uma festa que nasceu e cresceu sendo de rua. Que os patrocinadores buscam retorno em tempo de exposi\u00e7\u00e3o \u00e9 um fato, mas \u00e9 tamb\u00e9m um fato que cada ano est\u00e1 mais dif\u00edcil atra\u00ed-los. Quem est\u00e1 envolvido no evento sabe muito bem que nem sempre foi assim. Muito se fala da falta de renova\u00e7\u00e3o musical dos artistas. Como \u00e9 poss\u00edvel renovar, se n\u00e3o existe espa\u00e7o para isso? \u00c9 cada vez mais dif\u00edcil um artista novo conseguir firmar uma carreira. O que vem surgindo, na maioria das vezes, s\u00e3o cria\u00e7\u00f5es de empres\u00e1rios, que lan\u00e7am produtos que aparecem e somem, antes mesmo do p\u00fablico poder saber se s\u00e3o bons ou n\u00e3o. \u00c9 a ind\u00fastria das <em>\u201crevela\u00e7\u00f5es do Carnaval\u201d<\/em>.<\/p>\n<p style=\"text-align: justify;\">Bons tempos aqueles em que se vibrava pelo sucesso de algu\u00e9m que despontava e conquistava espa\u00e7o atrav\u00e9s de trabalho. Tempos onde as m\u00fasicas eram executadas em r\u00e1dios sem as tabelas de pre\u00e7o. Em que o que se tocava nas programa\u00e7\u00f5es eram realmente as m\u00fasicas preferidas do p\u00fablico.<\/p>\n<p style=\"text-align: justify;\">Foi-se o tempo em que um grupo se reunia para sair nas ruas seguindo um artista que admirava. Como fazer isso nos dias de hoje, onde \u00e9 preciso pagar caro por uma vaga para um bloco poder desfilar nas ruas? Atualmente parece que surgiu, em algumas pessoas, um tipo de prazer m\u00f3rbido de decretar o fim da carreira de artistas, n\u00e3o importando se s\u00e3o novos ou antigos. N\u00e3o sei em qu\u00ea o Carnaval de Salvador ganha com a decreta\u00e7\u00e3o da<em> \u201cmorte\u201d<\/em> de artistas \u2013 alguns antes mesmo de terem a oportunidade de mostrar sua proposta musical. \u00c9 uma sensa\u00e7\u00e3o de que se torce contra. A quem interessa isso? N\u00e3o seria melhor mudar o foco e apontar caminhos, ao inv\u00e9s de simplesmente \u201cendemoniar\u201d os que t\u00eam compet\u00eancia para lucrar com a festa? Por que n\u00e3o viabilizar meios para que novos artistas surjam e que os antigos sejam respeitados?<\/p>\n<p style=\"text-align: justify;\">Sei que muitos logo ir\u00e3o dizer que estou me manifestando por n\u00e3o ter, no momento, o destaque na m\u00eddia que j\u00e1 tive em outros tempos. Antes de sa\u00edrem atirando, pe\u00e7o que tenham pensamentos maiores do que a simples cr\u00edtica a um artista que participa do Carnaval de Salvador h\u00e1 30 anos ininterruptamente. O meu trabalho j\u00e1 est\u00e1 marcado na hist\u00f3ria da vida de muita gente que, ao longo desses anos &#8211; iniciados no Pinel, passando pelo Frenesi, Eva, Crocodilo, Coruja e, atualmente, no Bicho &#8211; viveram comigo as alegrias que um Carnaval pode proporcionar.<\/p>\n<p style=\"text-align: justify;\">Fiz o meu primeiro <a href=\"http:\/\/ww2.ricardochaves.com.br\/?page_id=6\" target=\"_self\">Carnaval em 1982<\/a>. Naquela \u00e9poca, as cr\u00edticas eram focadas na viol\u00eancia. Os \u00f3rg\u00e3os de seguran\u00e7a p\u00fablica se especializaram e hoje sabem como ningu\u00e9m atuar para garantir uma festa relativamente segura. Com o passar dos anos, o foco passou a ser a tens\u00e3o gerada pela bagun\u00e7a na organiza\u00e7\u00e3o da sa\u00edda dos blocos. Surgiu a fila, baseada no crit\u00e9rio &#8211; at\u00e9 agora imut\u00e1vel &#8211; segundo o qual antiguidade \u00e9 posto. Depois as cr\u00edticas se voltaram para o suposto sufocamento das entidades culturais pelos <em>\u201cinimigos capitalistas\u201d<\/em>, representados pelos blocos de trio que visavam somente o lucro; e, de l\u00e1 pra c\u00e1, com o surgimento e crescimento dos camarotes, essa tem sido a t\u00f4nica para justificar o t\u00e3o falado decl\u00ednio da ind\u00fastria oriunda do Carnaval de Salvador.<\/p>\n<p style=\"text-align: justify;\">Que o Carnaval est\u00e1 passando por um momento que exige reflex\u00e3o, \u00e9 ineg\u00e1vel. Fa\u00e7o parte de uma gera\u00e7\u00e3o de artistas que, trinta anos atr\u00e1s, comandou a transforma\u00e7\u00e3o da nossa festa e ajudou a torn\u00e1-la mundialmente famosa. A m\u00fasica produzida pela minha gera\u00e7\u00e3o, naquela \u00e9poca, mudou o foco (olha ele novamente) da ind\u00fastria fonogr\u00e1fica brasileira e atraiu, para o nosso Carnaval, os olhos de patrocinadores que jamais imaginavam investir em uma festa com as caracter\u00edsticas da produzida por n\u00f3s.<\/p>\n<p style=\"text-align: justify;\">Ao longo dessas tr\u00eas d\u00e9cadas, nunca deixei de dar a minha opini\u00e3o sobre as coisas ligadas \u00e0 nossa festa. Fosse elogiando ou criticando, sempre me manifestei visando a sua melhoria. Ao final do Carnaval passado, escrevi um texto intitulado <a href=\"http:\/\/ww2.ricardochaves.com.br\/?p=503\" target=\"_blank\">\u201cSil\u00eancio Conveniente\u201d<\/a>, onde convidava meus colegas artistas a refletirem sobre o nosso papel na festa. Al\u00ed, eu me referi especificamente ao item <em>\u201cengarrafamento\u201d<\/em>, que foi, em 2011, um fator de transtornos muito grandes. Se esse meu convite serviu para alguma coisa, s\u00f3 saberemos a partir do momento em que o primeiro trio desfilar em fevereiro de 2012.<\/p>\n<p style=\"text-align: justify;\">Minha inten\u00e7\u00e3o, com esse texto, \u00e9 tentar fazer com que se pense o Carnaval de Salvador de uma maneira construtiva e que ele volte a ter o foco no foli\u00e3o, que n\u00e3o pode deixar de ser o maior beneficiado da festa. Como aceitar que todos corram atr\u00e1s da m\u00eddia, em Ondina &#8211; e que n\u00e3o se permita que as <em>\u201cvagas\u201d<\/em> deixadas no Centro sejam ocupadas? Como ficar calado vendo alguns decretarem o decl\u00ednio do circuito da avenida, sem que nada seja feito? Esse ano, algumas atra\u00e7\u00f5es tocar\u00e3o em seus trios para a pipoca no circuito do Centro. Isso \u00e9 muito bom e espero que novas vagas sejam disponibilizadas com esse objetivo. N\u00f3s, artistas, devemos retomar o comando da situa\u00e7\u00e3o e reestabelecer a linha direta com quem est\u00e1 nas ruas. Foram eles que consagraram as nossas m\u00fasicas, que nos tornaram artistas de massa. Gra\u00e7as a eles, fomos capazes de atrair para a nossa festa de rua os olhos da ind\u00fastria fonogr\u00e1fica, da m\u00eddia nacional, das ag\u00eancias de propaganda e at\u00e9 das <em>\u201ccelebridades\u201d<\/em> em busca de alguns minutos de fama.<\/p>\n<p style=\"text-align: justify;\">S\u00f3 conseguimos isso porque a nossa m\u00fasica tinha a nossa verdade. Conseguimos isso, porque \u00edamos para as ruas tocar para o povo dan\u00e7ar, e n\u00e3o para buscar tempo de apari\u00e7\u00e3o em tv ou fotos em mat\u00e9rias de jornais. Isso era decorr\u00eancia do que faz\u00edamos nas ruas. Esse \u00e9 o meu sentimento. Roubando um verso de Caetano, acho que <em>\u201calguma coisa est\u00e1 fora da ordem\u201d<\/em>. Muita coisa no mundo est\u00e1 <em>\u201cde pernas para o ar\u201d<\/em>. A nossa festa tamb\u00e9m. Espero que Salvador volte a ter o Carnaval de rua que mereceu tanto destaque mundial.<\/p>\n<p style=\"text-align: justify;\">No pr\u00f3ximo, eu estarei l\u00e1, mais uma vez, participando e continuando a ser trilha sonora de momentos felizes na vida de pessoas.<\/p>\n<p style=\"text-align: justify;\">Bom Carnaval para n\u00f3s!<br \/>\n<strong>Ricardo Chaves &#8211; cantor e compositor<\/strong><\/p>\n","protected":false},"excerpt":{"rendered":"<p>Salvador j\u00e1 come\u00e7a a se transformar para abrigar mais um Carnaval. Est\u00e1 se aproximando a t\u00e3o propagada \u201cmaior festa popular do planeta\u201d. A partir de agora, o soteropolitano sente sua proximidade, quando percebe que j\u00e1 surgem na paisagem as estruturas que abrigar\u00e3o os camarotes. Nesta \u00e9poca, tamb\u00e9m, a m\u00eddia abre espa\u00e7o para as not\u00edcias relacionadas&#8230; <a href=\"https:\/\/ww2.ricardochaves.com.br\/?p=1199\" class=\"excerpt-read-more\">Leia Mais<\/a><\/p>\n","protected":false},"author":1,"featured_media":0,"comment_status":"open","ping_status":"open","sticky":false,"template":"","format":"standard","meta":[],"categories":[3],"tags":[],"_links":{"self":[{"href":"https:\/\/ww2.ricardochaves.com.br\/index.php?rest_route=\/wp\/v2\/posts\/1199"}],"collection":[{"href":"https:\/\/ww2.ricardochaves.com.br\/index.php?rest_route=\/wp\/v2\/posts"}],"about":[{"href":"https:\/\/ww2.ricardochaves.com.br\/index.php?rest_route=\/wp\/v2\/types\/post"}],"author":[{"embeddable":true,"href":"https:\/\/ww2.ricardochaves.com.br\/index.php?rest_route=\/wp\/v2\/users\/1"}],"replies":[{"embeddable":true,"href":"https:\/\/ww2.ricardochaves.com.br\/index.php?rest_route=%2Fwp%2Fv2%2Fcomments&post=1199"}],"version-history":[{"count":4,"href":"https:\/\/ww2.ricardochaves.com.br\/index.php?rest_route=\/wp\/v2\/posts\/1199\/revisions"}],"predecessor-version":[{"id":1201,"href":"https:\/\/ww2.ricardochaves.com.br\/index.php?rest_route=\/wp\/v2\/posts\/1199\/revisions\/1201"}],"wp:attachment":[{"href":"https:\/\/ww2.ricardochaves.com.br\/index.php?rest_route=%2Fwp%2Fv2%2Fmedia&parent=1199"}],"wp:term":[{"taxonomy":"category","embeddable":true,"href":"https:\/\/ww2.ricardochaves.com.br\/index.php?rest_route=%2Fwp%2Fv2%2Fcategories&post=1199"},{"taxonomy":"post_tag","embeddable":true,"href":"https:\/\/ww2.ricardochaves.com.br\/index.php?rest_route=%2Fwp%2Fv2%2Ftags&post=1199"}],"curies":[{"name":"wp","href":"https:\/\/api.w.org\/{rel}","templated":true}]}}