{"id":1536,"date":"2012-02-25T23:25:19","date_gmt":"2012-02-26T02:25:19","guid":{"rendered":"http:\/\/www.ricardochaves.com.br\/?p=1536"},"modified":"2012-09-25T23:29:25","modified_gmt":"2012-09-26T02:29:25","slug":"relato-de-fa-victor-hugo-guamare","status":"publish","type":"post","link":"https:\/\/ww2.ricardochaves.com.br\/?p=1536","title":{"rendered":"Relato de F\u00e3 &#8211; Victor Hugo &#8211; Guamar\u00e9"},"content":{"rendered":"<p><a href=\"http:\/\/ww2.ricardochaves.com.br\/wp-content\/uploads\/2012\/09\/shows1.jpg\"><img loading=\"lazy\" class=\"aligncenter size-full wp-image-1528\" title=\"shows\" src=\"http:\/\/ww2.ricardochaves.com.br\/wp-content\/uploads\/2012\/09\/shows1.jpg\" alt=\"\" width=\"624\" height=\"146\" srcset=\"https:\/\/ww2.ricardochaves.com.br\/wp-content\/uploads\/2012\/09\/shows1.jpg 624w, https:\/\/ww2.ricardochaves.com.br\/wp-content\/uploads\/2012\/09\/shows1-300x70.jpg 300w\" sizes=\"(max-width: 624px) 100vw, 624px\" \/><\/a><\/p>\n<div>Eu acompanho a carreira de Ricardo Chaves desde o Carnatal de 1998. Pude em alguns momentos participar de shows\/micaretas em cidades potiguares distante v\u00e1rios quil\u00f4metros de Natal ou at\u00e9 mesmo viajar at\u00e9 outro estado para vivenciar momentos de imensa alegria, prazer imensur\u00e1vel e sempre desfrutar de boas companhias de \u201cfi\u00e9is seguidores\u201d. <!--more--><\/div>\n<div>No Carnatal de 2010 por quest\u00f5es pessoais n\u00e3o sa\u00ed no Bloco Bicho e a convite de um amigo acompanhei o evento do camarote particular dele. N\u00e3o consigo descrever o qu\u00e3o frustrante foi n\u00e3o acompanhar RC ap\u00f3s 13 anos e por isso prometi que n\u00e3o perderia a pr\u00f3xima micareta que houvesse oportunidade de ir.<\/div>\n<div>Momentos que antecedem um encontro entre f\u00e3 e \u00eddolo s\u00e3o sempre recheados de ansiedade, perspectivas e emo\u00e7\u00e3o. Pelos fatos acima citados esses efeitos estavam potencializados em mim no Carnaval 2011 de Guamar\u00e9\/ RN.<\/div>\n<div>Acompanhei todos os dias do carnaval, mas focado no \u00faltimo dia. Dia que eu teria novamente contato direto com Ricardo Chaves. Dia que poderia novamente seguir atr\u00e1s do trio-el\u00e9trico do meu \u00eddolo. Guamar\u00e9 teve um bom carnaval, mas nada comparado ao dia em que RC puxou o arrast\u00e3o do bloco mela-mela. V\u00e1rios foli\u00f5es que acompanharam carnavais em outras cidades se debandaram para Guamar\u00e9. Pared\u00f5es desde cedo tocavam m\u00fasicas de RC. E a chuva que nas primeiras horas da manh\u00e3 era torrencial foi embora a mando de S\u00e3o Pedro. S\u00e3o Pedro \u00e9 gente boa e tem um acordo firmado com RC. No RN dia de show de Ricardo Chaves n\u00e3o chove!<\/div>\n<div>Certa feita minha m\u00e3e me disse: \u201cFilho, abad\u00e1 n\u00e3o \u00e9 roupa! Passou a micareta o abad\u00e1 vai pra gaveta\u201d! Queria muito que minha m\u00e3e estivesse viva e presente em Guamar\u00e9 para ver o que o foli\u00e3o do Bicho sente pelo bloco e por RC. Centenas de foli\u00f5es usando abad\u00e1s do Bicho e ensandecidos aguardavam os primeiros acordes de RC gritando: \u201cHei, hei, hei, Ricardo \u00e9 nosso rei\u201d! Al\u00e9m de, mesmo com o trio desligado, cantar m\u00fasicas dele.<\/div>\n<div>Enfim, Guamar\u00e9 n\u00e3o \u00e9 Salvador, mas foi muito bom esse momento m\u00e1gico na presen\u00e7a de um dos grandes \u00edcones do carnaval baiano.<\/div>\n<div>Victor Hugo<\/div>\n","protected":false},"excerpt":{"rendered":"<p>Eu acompanho a carreira de Ricardo Chaves desde o Carnatal de 1998. Pude em alguns momentos participar de shows\/micaretas em cidades potiguares distante v\u00e1rios quil\u00f4metros de Natal ou at\u00e9 mesmo viajar at\u00e9 outro estado para vivenciar momentos de imensa alegria, prazer imensur\u00e1vel e sempre desfrutar de boas companhias de \u201cfi\u00e9is seguidores\u201d.<\/p>\n","protected":false},"author":1,"featured_media":0,"comment_status":"open","ping_status":"open","sticky":false,"template":"","format":"standard","meta":[],"categories":[8],"tags":[],"_links":{"self":[{"href":"https:\/\/ww2.ricardochaves.com.br\/index.php?rest_route=\/wp\/v2\/posts\/1536"}],"collection":[{"href":"https:\/\/ww2.ricardochaves.com.br\/index.php?rest_route=\/wp\/v2\/posts"}],"about":[{"href":"https:\/\/ww2.ricardochaves.com.br\/index.php?rest_route=\/wp\/v2\/types\/post"}],"author":[{"embeddable":true,"href":"https:\/\/ww2.ricardochaves.com.br\/index.php?rest_route=\/wp\/v2\/users\/1"}],"replies":[{"embeddable":true,"href":"https:\/\/ww2.ricardochaves.com.br\/index.php?rest_route=%2Fwp%2Fv2%2Fcomments&post=1536"}],"version-history":[{"count":2,"href":"https:\/\/ww2.ricardochaves.com.br\/index.php?rest_route=\/wp\/v2\/posts\/1536\/revisions"}],"predecessor-version":[{"id":1543,"href":"https:\/\/ww2.ricardochaves.com.br\/index.php?rest_route=\/wp\/v2\/posts\/1536\/revisions\/1543"}],"wp:attachment":[{"href":"https:\/\/ww2.ricardochaves.com.br\/index.php?rest_route=%2Fwp%2Fv2%2Fmedia&parent=1536"}],"wp:term":[{"taxonomy":"category","embeddable":true,"href":"https:\/\/ww2.ricardochaves.com.br\/index.php?rest_route=%2Fwp%2Fv2%2Fcategories&post=1536"},{"taxonomy":"post_tag","embeddable":true,"href":"https:\/\/ww2.ricardochaves.com.br\/index.php?rest_route=%2Fwp%2Fv2%2Ftags&post=1536"}],"curies":[{"name":"wp","href":"https:\/\/api.w.org\/{rel}","templated":true}]}}