{"id":1786,"date":"2013-12-09T15:10:17","date_gmt":"2013-12-09T18:10:17","guid":{"rendered":"http:\/\/www.ricardochaves.com.br\/?p=1786"},"modified":"2013-12-09T17:00:48","modified_gmt":"2013-12-09T20:00:48","slug":"relato-de-fa-carnatal-2013-amanda-bezerra-2","status":"publish","type":"post","link":"https:\/\/ww2.ricardochaves.com.br\/?p=1786","title":{"rendered":"Relato de F\u00e3 &#8211; Carnatal 2013 &#8211; Amanda Bezerra"},"content":{"rendered":"<p style=\"text-align: justify;\">Ap\u00f3s 1 ano de espera, muitas expectativas e v\u00e1rias especula\u00e7\u00f5es&#8230;enfim chegou 07\/12, s\u00e1bado de Carnatal, dia do meu bloco Bicho!!!! Se foi diferente? Com certeza!!! Meu bloco deu r\u00e9 e mostrou a todos com humildade e anima\u00e7\u00e3o como \u00e9 ser \u201cum estado de esp\u00edrito\u201d, fomos os \u00fanicos a dar 4 voltas no corredor da folia, a fazer hist\u00f3ria! Se isso \u00e9 coisa pra louco? Nada, isso \u00e9 pra quem contas as horas pra esse dia chegar, junta dinheiro para pular no bicho porque \u00e9 uma religi\u00e3o!<!--more--><\/p>\n<p style=\"text-align: justify;\">Religi\u00e3o de amor, de astral, de felicidade, de amizade!!! Esse ano o meu Carnatal superou todas as minhas expectativas diante de tantos coment\u00e1rios negativos e pessimistas&#8230; S\u00f3 tenho a dizer que mesmo com todas as suas reinven\u00e7\u00f5es e adapta\u00e7\u00f5es para mim nada ficou a desejar. Foi o encontro com os amigos, com as m\u00fasicas e seus significados e as emo\u00e7\u00f5es que despertam em mim, foi o encontro da f\u00e3 com o \u00eddolo, foi o encontro de cora\u00e7\u00f5es&#8230; Foi o Bloco Bicho! E que venha Carnatal 2014 e pode ser na rua, na lua, no beco, na chuva&#8230; Pode me esperar!!!!<\/p>\n<p style=\"text-align: justify;\">Amanda Bezerra<\/p>\n","protected":false},"excerpt":{"rendered":"<p>Ap\u00f3s 1 ano de espera, muitas expectativas e v\u00e1rias especula\u00e7\u00f5es&#8230;enfim chegou 07\/12, s\u00e1bado de Carnatal, dia do meu bloco Bicho!!!! Se foi diferente? Com certeza!!! Meu bloco deu r\u00e9 e mostrou a todos com humildade e anima\u00e7\u00e3o como \u00e9 ser \u201cum estado de esp\u00edrito\u201d, fomos os \u00fanicos a dar 4 voltas no corredor da folia,&#8230; <a href=\"https:\/\/ww2.ricardochaves.com.br\/?p=1786\" class=\"excerpt-read-more\">Leia Mais<\/a><\/p>\n","protected":false},"author":1,"featured_media":0,"comment_status":"open","ping_status":"open","sticky":false,"template":"","format":"standard","meta":[],"categories":[3],"tags":[],"_links":{"self":[{"href":"https:\/\/ww2.ricardochaves.com.br\/index.php?rest_route=\/wp\/v2\/posts\/1786"}],"collection":[{"href":"https:\/\/ww2.ricardochaves.com.br\/index.php?rest_route=\/wp\/v2\/posts"}],"about":[{"href":"https:\/\/ww2.ricardochaves.com.br\/index.php?rest_route=\/wp\/v2\/types\/post"}],"author":[{"embeddable":true,"href":"https:\/\/ww2.ricardochaves.com.br\/index.php?rest_route=\/wp\/v2\/users\/1"}],"replies":[{"embeddable":true,"href":"https:\/\/ww2.ricardochaves.com.br\/index.php?rest_route=%2Fwp%2Fv2%2Fcomments&post=1786"}],"version-history":[{"count":8,"href":"https:\/\/ww2.ricardochaves.com.br\/index.php?rest_route=\/wp\/v2\/posts\/1786\/revisions"}],"predecessor-version":[{"id":1804,"href":"https:\/\/ww2.ricardochaves.com.br\/index.php?rest_route=\/wp\/v2\/posts\/1786\/revisions\/1804"}],"wp:attachment":[{"href":"https:\/\/ww2.ricardochaves.com.br\/index.php?rest_route=%2Fwp%2Fv2%2Fmedia&parent=1786"}],"wp:term":[{"taxonomy":"category","embeddable":true,"href":"https:\/\/ww2.ricardochaves.com.br\/index.php?rest_route=%2Fwp%2Fv2%2Fcategories&post=1786"},{"taxonomy":"post_tag","embeddable":true,"href":"https:\/\/ww2.ricardochaves.com.br\/index.php?rest_route=%2Fwp%2Fv2%2Ftags&post=1786"}],"curies":[{"name":"wp","href":"https:\/\/api.w.org\/{rel}","templated":true}]}}