{"id":1844,"date":"2014-01-07T12:40:52","date_gmt":"2014-01-07T15:40:52","guid":{"rendered":"http:\/\/www.ricardochaves.com.br\/?p=1844"},"modified":"2014-01-07T12:40:52","modified_gmt":"2014-01-07T15:40:52","slug":"abertura-do-verao-em-joao-camara","status":"publish","type":"post","link":"https:\/\/ww2.ricardochaves.com.br\/?p=1844","title":{"rendered":"Abertura do Ver\u00e3o em Jo\u00e3o C\u00e2mara"},"content":{"rendered":"<p>No primeiro s\u00e1bado do ano (4), Ricardo Chaves fez o show de abertura do ver\u00e3o 2014 em Jo\u00e3o C\u00e2mara\/RN.<!--more--> Confira os clicks: <\/p>\n<p><center><br \/>\n<object width=\"700\" height=\"525\"><param name=\"flashvars\" value=\"offsite=true&#038;lang=pt-br&#038;page_show_url=%2Fphotos%2F_ricardochaves%2Fsets%2F72157639514058476%2Fshow%2F&#038;page_show_back_url=%2Fphotos%2F_ricardochaves%2Fsets%2F72157639514058476%2F&#038;set_id=72157639514058476&#038;jump_to=\"><\/param><param name=\"movie\" value=\"http:\/\/www.flickr.com\/apps\/slideshow\/show.swf?v=138195\"><\/param><param name=\"allowFullScreen\" value=\"true\"><\/param><embed type=\"application\/x-shockwave-flash\" src=\"http:\/\/www.flickr.com\/apps\/slideshow\/show.swf?v=138195\" allowFullScreen=\"true\" flashvars=\"offsite=true&#038;lang=pt-br&#038;page_show_url=%2Fphotos%2F_ricardochaves%2Fsets%2F72157639514058476%2Fshow%2F&#038;page_show_back_url=%2Fphotos%2F_ricardochaves%2Fsets%2F72157639514058476%2F&#038;set_id=72157639514058476&#038;jump_to=\" width=\"400\" height=\"300\"><\/embed><\/object><br \/>\n<\/center><\/p>\n","protected":false},"excerpt":{"rendered":"<p>No primeiro s\u00e1bado do ano (4), Ricardo Chaves fez o show de abertura do ver\u00e3o 2014 em Jo\u00e3o C\u00e2mara\/RN.<\/p>\n","protected":false},"author":1,"featured_media":0,"comment_status":"open","ping_status":"open","sticky":false,"template":"","format":"standard","meta":[],"categories":[7,3],"tags":[],"_links":{"self":[{"href":"https:\/\/ww2.ricardochaves.com.br\/index.php?rest_route=\/wp\/v2\/posts\/1844"}],"collection":[{"href":"https:\/\/ww2.ricardochaves.com.br\/index.php?rest_route=\/wp\/v2\/posts"}],"about":[{"href":"https:\/\/ww2.ricardochaves.com.br\/index.php?rest_route=\/wp\/v2\/types\/post"}],"author":[{"embeddable":true,"href":"https:\/\/ww2.ricardochaves.com.br\/index.php?rest_route=\/wp\/v2\/users\/1"}],"replies":[{"embeddable":true,"href":"https:\/\/ww2.ricardochaves.com.br\/index.php?rest_route=%2Fwp%2Fv2%2Fcomments&post=1844"}],"version-history":[{"count":1,"href":"https:\/\/ww2.ricardochaves.com.br\/index.php?rest_route=\/wp\/v2\/posts\/1844\/revisions"}],"predecessor-version":[{"id":1845,"href":"https:\/\/ww2.ricardochaves.com.br\/index.php?rest_route=\/wp\/v2\/posts\/1844\/revisions\/1845"}],"wp:attachment":[{"href":"https:\/\/ww2.ricardochaves.com.br\/index.php?rest_route=%2Fwp%2Fv2%2Fmedia&parent=1844"}],"wp:term":[{"taxonomy":"category","embeddable":true,"href":"https:\/\/ww2.ricardochaves.com.br\/index.php?rest_route=%2Fwp%2Fv2%2Fcategories&post=1844"},{"taxonomy":"post_tag","embeddable":true,"href":"https:\/\/ww2.ricardochaves.com.br\/index.php?rest_route=%2Fwp%2Fv2%2Ftags&post=1844"}],"curies":[{"name":"wp","href":"https:\/\/api.w.org\/{rel}","templated":true}]}}