{"id":1866,"date":"2014-01-16T23:24:10","date_gmt":"2014-01-17T02:24:10","guid":{"rendered":"http:\/\/www.ricardochaves.com.br\/?p=1866"},"modified":"2014-01-16T23:30:01","modified_gmt":"2014-01-17T02:30:01","slug":"ricardo-chaves-e-atracao-do-bonfim-laje","status":"publish","type":"post","link":"https:\/\/ww2.ricardochaves.com.br\/?p=1866","title":{"rendered":"Ricardo Chaves \u00e9 atra\u00e7\u00e3o no Bonfim Laje"},"content":{"rendered":"<p>Comemorando sua 15\u00aa edi\u00e7\u00e3o, a tradicional festa Bonfim Laje contou com os shows de Ricardo Chaves e Jau. Confira as fotos:<!--more--><\/p>\n<p><center><br \/>\n<object width=\"700\" height=\"525\"><param name=\"flashvars\" value=\"offsite=true&#038;lang=pt-br&#038;page_show_url=%2Fphotos%2F_ricardochaves%2Fsets%2F72157639850199543%2Fshow%2F&#038;page_show_back_url=%2Fphotos%2F_ricardochaves%2Fsets%2F72157639850199543%2F&#038;set_id=72157639850199543&#038;jump_to=\"><\/param><param name=\"movie\" value=\"http:\/\/www.flickr.com\/apps\/slideshow\/show.swf?v=138195\"><\/param><param name=\"allowFullScreen\" value=\"true\"><\/param><embed type=\"application\/x-shockwave-flash\" src=\"http:\/\/www.flickr.com\/apps\/slideshow\/show.swf?v=138195\" allowFullScreen=\"true\" flashvars=\"offsite=true&#038;lang=pt-br&#038;page_show_url=%2Fphotos%2F_ricardochaves%2Fsets%2F72157639850199543%2Fshow%2F&#038;page_show_back_url=%2Fphotos%2F_ricardochaves%2Fsets%2F72157639850199543%2F&#038;set_id=72157639850199543&#038;jump_to=\" width=\"400\" height=\"300\"><\/embed><\/object><\/p>\n<p><\/center><\/p>\n","protected":false},"excerpt":{"rendered":"<p>Comemorando sua 15\u00aa edi\u00e7\u00e3o, a tradicional festa Bonfim Laje contou com os shows de Ricardo Chaves e Jau. Confira as fotos:<\/p>\n","protected":false},"author":1,"featured_media":0,"comment_status":"open","ping_status":"open","sticky":false,"template":"","format":"standard","meta":[],"categories":[7,3],"tags":[],"_links":{"self":[{"href":"https:\/\/ww2.ricardochaves.com.br\/index.php?rest_route=\/wp\/v2\/posts\/1866"}],"collection":[{"href":"https:\/\/ww2.ricardochaves.com.br\/index.php?rest_route=\/wp\/v2\/posts"}],"about":[{"href":"https:\/\/ww2.ricardochaves.com.br\/index.php?rest_route=\/wp\/v2\/types\/post"}],"author":[{"embeddable":true,"href":"https:\/\/ww2.ricardochaves.com.br\/index.php?rest_route=\/wp\/v2\/users\/1"}],"replies":[{"embeddable":true,"href":"https:\/\/ww2.ricardochaves.com.br\/index.php?rest_route=%2Fwp%2Fv2%2Fcomments&post=1866"}],"version-history":[{"count":5,"href":"https:\/\/ww2.ricardochaves.com.br\/index.php?rest_route=\/wp\/v2\/posts\/1866\/revisions"}],"predecessor-version":[{"id":1871,"href":"https:\/\/ww2.ricardochaves.com.br\/index.php?rest_route=\/wp\/v2\/posts\/1866\/revisions\/1871"}],"wp:attachment":[{"href":"https:\/\/ww2.ricardochaves.com.br\/index.php?rest_route=%2Fwp%2Fv2%2Fmedia&parent=1866"}],"wp:term":[{"taxonomy":"category","embeddable":true,"href":"https:\/\/ww2.ricardochaves.com.br\/index.php?rest_route=%2Fwp%2Fv2%2Fcategories&post=1866"},{"taxonomy":"post_tag","embeddable":true,"href":"https:\/\/ww2.ricardochaves.com.br\/index.php?rest_route=%2Fwp%2Fv2%2Ftags&post=1866"}],"curies":[{"name":"wp","href":"https:\/\/api.w.org\/{rel}","templated":true}]}}