{"id":1883,"date":"2014-03-05T21:51:15","date_gmt":"2014-03-06T00:51:15","guid":{"rendered":"http:\/\/www.ricardochaves.com.br\/?p=1883"},"modified":"2014-03-05T21:51:15","modified_gmt":"2014-03-06T00:51:15","slug":"carnaval-2014","status":"publish","type":"post","link":"https:\/\/ww2.ricardochaves.com.br\/?p=1883","title":{"rendered":"Carnaval 2014"},"content":{"rendered":"<p>Ricardo Chaves deu in\u00edcio a seu carnaval na sexta-feira em Salvador, com o Alavont\u00ea no Furdun\u00e7o, em seguida se apresentou no Piau\u00ed, Cear\u00e1 e Rio Grande do Norte. Confira as imagens:<!--more--><\/p>\n<p><center><br \/>\n<object width=\"700\" height=\"525\"><param name=\"flashvars\" value=\"offsite=true&#038;lang=pt-br&#038;page_show_url=%2Fphotos%2F_ricardochaves%2Fsets%2F72157641930579564%2Fshow%2F&#038;page_show_back_url=%2Fphotos%2F_ricardochaves%2Fsets%2F72157641930579564%2F&#038;set_id=72157641930579564&#038;jump_to=\"><\/param><param name=\"movie\" value=\"http:\/\/www.flickr.com\/apps\/slideshow\/show.swf?v=140556\"><\/param><param name=\"allowFullScreen\" value=\"true\"><\/param><embed type=\"application\/x-shockwave-flash\" src=\"http:\/\/www.flickr.com\/apps\/slideshow\/show.swf?v=140556\" allowFullScreen=\"true\" flashvars=\"offsite=true&#038;lang=pt-br&#038;page_show_url=%2Fphotos%2F_ricardochaves%2Fsets%2F72157641930579564%2Fshow%2F&#038;page_show_back_url=%2Fphotos%2F_ricardochaves%2Fsets%2F72157641930579564%2F&#038;set_id=72157641930579564&#038;jump_to=\" width=\"400\" height=\"300\"><\/embed><\/object><\/center><\/p>\n","protected":false},"excerpt":{"rendered":"<p>Ricardo Chaves deu in\u00edcio a seu carnaval na sexta-feira em Salvador, com o Alavont\u00ea no Furdun\u00e7o, em seguida se apresentou no Piau\u00ed, Cear\u00e1 e Rio Grande do Norte. Confira as imagens:<\/p>\n","protected":false},"author":1,"featured_media":0,"comment_status":"open","ping_status":"open","sticky":false,"template":"","format":"standard","meta":[],"categories":[7,3],"tags":[],"_links":{"self":[{"href":"https:\/\/ww2.ricardochaves.com.br\/index.php?rest_route=\/wp\/v2\/posts\/1883"}],"collection":[{"href":"https:\/\/ww2.ricardochaves.com.br\/index.php?rest_route=\/wp\/v2\/posts"}],"about":[{"href":"https:\/\/ww2.ricardochaves.com.br\/index.php?rest_route=\/wp\/v2\/types\/post"}],"author":[{"embeddable":true,"href":"https:\/\/ww2.ricardochaves.com.br\/index.php?rest_route=\/wp\/v2\/users\/1"}],"replies":[{"embeddable":true,"href":"https:\/\/ww2.ricardochaves.com.br\/index.php?rest_route=%2Fwp%2Fv2%2Fcomments&post=1883"}],"version-history":[{"count":1,"href":"https:\/\/ww2.ricardochaves.com.br\/index.php?rest_route=\/wp\/v2\/posts\/1883\/revisions"}],"predecessor-version":[{"id":1884,"href":"https:\/\/ww2.ricardochaves.com.br\/index.php?rest_route=\/wp\/v2\/posts\/1883\/revisions\/1884"}],"wp:attachment":[{"href":"https:\/\/ww2.ricardochaves.com.br\/index.php?rest_route=%2Fwp%2Fv2%2Fmedia&parent=1883"}],"wp:term":[{"taxonomy":"category","embeddable":true,"href":"https:\/\/ww2.ricardochaves.com.br\/index.php?rest_route=%2Fwp%2Fv2%2Fcategories&post=1883"},{"taxonomy":"post_tag","embeddable":true,"href":"https:\/\/ww2.ricardochaves.com.br\/index.php?rest_route=%2Fwp%2Fv2%2Ftags&post=1883"}],"curies":[{"name":"wp","href":"https:\/\/api.w.org\/{rel}","templated":true}]}}