{"id":1938,"date":"2014-12-09T18:54:39","date_gmt":"2014-12-09T21:54:39","guid":{"rendered":"http:\/\/www.ricardochaves.com.br\/?p=1938"},"modified":"2016-01-19T15:30:03","modified_gmt":"2016-01-19T18:30:03","slug":"relato-de-fa-carnatal-2014-allan-darlyson","status":"publish","type":"post","link":"https:\/\/ww2.ricardochaves.com.br\/?p=1938","title":{"rendered":"Relato de F\u00e3 &#8211; Carnatal 2014 &#8211;  Allan Darlyson"},"content":{"rendered":"<p>Desde 2006, sair no Bicho pra mim virou religi\u00e3o. Mas neste ano eu tinha uma miss\u00e3o diferente. A de relatar o que \u00e9 o domingo do Bicho, como jornalista. Foi uma experi\u00eancia inovadora. Sem \u00e1lcool e \u00e0 base de \u00e1gua mineral, acompanhei do in\u00edcio ao fim as tr\u00eas voltas de Ricardo Chaves no corredor da folia. <!--more--><\/p>\n<p>Na primeira volta, a convite da amiga e assessora de imprensa de Ricardo, Carol Tavares, fui em cima do trio. Pude observar como a massa sentia a energia que senti durante os \u00faltimos oito anos. Foi de arrepiar. A cada m\u00fasica do repert\u00f3rio cl\u00e1ssico, eu tinha vontade de pular, sair do ch\u00e3o. O estado de esp\u00edrito tomou conta de mim.<\/p>\n<p>Pude conhecer Ricardo Chaves pessoalmente. Um homem simples, que conversava com os f\u00e3s como um amigo, sem nenhum deslumbramento. Ele me perguntou o que eu achei do s\u00e1bado. Eu dizia que foi muito massa. E elogiei seu discurso sobre o que \u00e9 o Carnatal. Tamb\u00e9m pedi para ele tocar a m\u00fasica Joia Rara, pedido que ele atendeu no percurso.<\/p>\n<p>Na segunda volta, o jornalista j\u00e1 n\u00e3o aguentava mais o desejo de virar foli\u00e3o novamente. Desci do trio e fui no ch\u00e3o. Cantando todas as musicas do in\u00edcio ao fim, s\u00f3 sai quando o trio desligou e Ricardo se despediu do bloco. Ficou um sentimento de saudade. Que venha 2015, com mais bloco Bicho. Ano que vem vamos mostrar mais uma vez porque o Bicho \u00e9 o rei desta cidade.<\/p>\n<p>Allan Darlyson<\/p>\n","protected":false},"excerpt":{"rendered":"<p>Desde 2006, sair no Bicho pra mim virou religi\u00e3o. Mas neste ano eu tinha uma miss\u00e3o diferente. A de relatar o que \u00e9 o domingo do Bicho, como jornalista. Foi uma experi\u00eancia inovadora. Sem \u00e1lcool e \u00e0 base de \u00e1gua mineral, acompanhei do in\u00edcio ao fim as tr\u00eas voltas de Ricardo Chaves no corredor da&#8230; <a href=\"https:\/\/ww2.ricardochaves.com.br\/?p=1938\" class=\"excerpt-read-more\">Leia Mais<\/a><\/p>\n","protected":false},"author":1,"featured_media":0,"comment_status":"open","ping_status":"open","sticky":false,"template":"","format":"standard","meta":[],"categories":[7,3,8],"tags":[],"_links":{"self":[{"href":"https:\/\/ww2.ricardochaves.com.br\/index.php?rest_route=\/wp\/v2\/posts\/1938"}],"collection":[{"href":"https:\/\/ww2.ricardochaves.com.br\/index.php?rest_route=\/wp\/v2\/posts"}],"about":[{"href":"https:\/\/ww2.ricardochaves.com.br\/index.php?rest_route=\/wp\/v2\/types\/post"}],"author":[{"embeddable":true,"href":"https:\/\/ww2.ricardochaves.com.br\/index.php?rest_route=\/wp\/v2\/users\/1"}],"replies":[{"embeddable":true,"href":"https:\/\/ww2.ricardochaves.com.br\/index.php?rest_route=%2Fwp%2Fv2%2Fcomments&post=1938"}],"version-history":[{"count":8,"href":"https:\/\/ww2.ricardochaves.com.br\/index.php?rest_route=\/wp\/v2\/posts\/1938\/revisions"}],"predecessor-version":[{"id":2611,"href":"https:\/\/ww2.ricardochaves.com.br\/index.php?rest_route=\/wp\/v2\/posts\/1938\/revisions\/2611"}],"wp:attachment":[{"href":"https:\/\/ww2.ricardochaves.com.br\/index.php?rest_route=%2Fwp%2Fv2%2Fmedia&parent=1938"}],"wp:term":[{"taxonomy":"category","embeddable":true,"href":"https:\/\/ww2.ricardochaves.com.br\/index.php?rest_route=%2Fwp%2Fv2%2Fcategories&post=1938"},{"taxonomy":"post_tag","embeddable":true,"href":"https:\/\/ww2.ricardochaves.com.br\/index.php?rest_route=%2Fwp%2Fv2%2Ftags&post=1938"}],"curies":[{"name":"wp","href":"https:\/\/api.w.org\/{rel}","templated":true}]}}