{"id":1965,"date":"2015-03-29T21:44:21","date_gmt":"2015-03-30T00:44:21","guid":{"rendered":"http:\/\/www.ricardochaves.com.br\/?p=1965"},"modified":"2016-01-12T16:01:38","modified_gmt":"2016-01-12T19:01:38","slug":"ricardo-chaves-agita-alto-do-rodriguesrn","status":"publish","type":"post","link":"https:\/\/ww2.ricardochaves.com.br\/?p=1965","title":{"rendered":"Ricardo Chaves agita Alto do Rodrigues\/RN"},"content":{"rendered":"<p>Para comemorar o 52\u00ba anivers\u00e1rio da cidade, Alto do Rodrigues recebeu no \u00faltimo s\u00e1bado (28) o show de Ricardo Chaves. Confira as fotos: <!--more--><\/p>\n<p><center><br \/>\n<object width=\"700\" height=\"525\"><param name=\"flashvars\" value=\"offsite=true&amp;lang=pt-br&amp;page_show_url=%2Fphotos%2F_ricardochaves%2Fsets%2F72157651230518710%2Fshow%2F&amp;page_show_back_url=%2Fphotos%2F_ricardochaves%2Fsets%2F72157651230518710%2F&amp;set_id=72157651230518710&amp;jump_to=\" \/><param name=\"movie\" value=\"https:\/\/www.flickr.com\/apps\/slideshow\/show.swf?v=1811922554\" \/><param name=\"allowFullScreen\" value=\"true\" \/><embed type=\"application\/x-shockwave-flash\" src=\"https:\/\/www.flickr.com\/apps\/slideshow\/show.swf?v=1811922554\" allowfullscreen=\"allowfullscreen\" flashvars=\"offsite=true&amp;lang=pt-br&amp;page_show_url=%2Fphotos%2F_ricardochaves%2Fsets%2F72157651230518710%2Fshow%2F&amp;page_show_back_url=%2Fphotos%2F_ricardochaves%2Fsets%2F72157651230518710%2F&amp;set_id=72157651230518710&amp;jump_to=\" width=\"400\" height=\"300\" \/><\/object><\/center><\/p>\n","protected":false},"excerpt":{"rendered":"<p>Para comemorar o 52\u00ba anivers\u00e1rio da cidade, Alto do Rodrigues recebeu no \u00faltimo s\u00e1bado (28) o show de Ricardo Chaves. Confira as fotos:<\/p>\n","protected":false},"author":1,"featured_media":1488,"comment_status":"open","ping_status":"open","sticky":false,"template":"","format":"standard","meta":[],"categories":[7,3,1],"tags":[],"_links":{"self":[{"href":"https:\/\/ww2.ricardochaves.com.br\/index.php?rest_route=\/wp\/v2\/posts\/1965"}],"collection":[{"href":"https:\/\/ww2.ricardochaves.com.br\/index.php?rest_route=\/wp\/v2\/posts"}],"about":[{"href":"https:\/\/ww2.ricardochaves.com.br\/index.php?rest_route=\/wp\/v2\/types\/post"}],"author":[{"embeddable":true,"href":"https:\/\/ww2.ricardochaves.com.br\/index.php?rest_route=\/wp\/v2\/users\/1"}],"replies":[{"embeddable":true,"href":"https:\/\/ww2.ricardochaves.com.br\/index.php?rest_route=%2Fwp%2Fv2%2Fcomments&post=1965"}],"version-history":[{"count":5,"href":"https:\/\/ww2.ricardochaves.com.br\/index.php?rest_route=\/wp\/v2\/posts\/1965\/revisions"}],"predecessor-version":[{"id":1993,"href":"https:\/\/ww2.ricardochaves.com.br\/index.php?rest_route=\/wp\/v2\/posts\/1965\/revisions\/1993"}],"wp:featuredmedia":[{"embeddable":true,"href":"https:\/\/ww2.ricardochaves.com.br\/index.php?rest_route=\/wp\/v2\/media\/1488"}],"wp:attachment":[{"href":"https:\/\/ww2.ricardochaves.com.br\/index.php?rest_route=%2Fwp%2Fv2%2Fmedia&parent=1965"}],"wp:term":[{"taxonomy":"category","embeddable":true,"href":"https:\/\/ww2.ricardochaves.com.br\/index.php?rest_route=%2Fwp%2Fv2%2Fcategories&post=1965"},{"taxonomy":"post_tag","embeddable":true,"href":"https:\/\/ww2.ricardochaves.com.br\/index.php?rest_route=%2Fwp%2Fv2%2Ftags&post=1965"}],"curies":[{"name":"wp","href":"https:\/\/api.w.org\/{rel}","templated":true}]}}