{"id":2706,"date":"2016-05-13T18:44:36","date_gmt":"2016-05-13T21:44:36","guid":{"rendered":"http:\/\/www.ricardochaves.com.br\/?p=2706"},"modified":"2016-05-13T18:46:06","modified_gmt":"2016-05-13T21:46:06","slug":"salvador-boa-praca","status":"publish","type":"post","link":"https:\/\/ww2.ricardochaves.com.br\/?p=2706","title":{"rendered":"Salvador Boa Pra\u00e7a"},"content":{"rendered":"<p>Ricardo Chaves foi convidado para participar do evento que ocorreu na pra\u00e7a Ana L\u00facia Magalh\u00e3es\u00a0em Itaigara.<\/p>\n","protected":false},"excerpt":{"rendered":"<p>Ricardo Chaves foi convidado para participar do evento que ocorreu na pra\u00e7a Ana L\u00facia Magalh\u00e3es\u00a0em Itaigara.<\/p>\n","protected":false},"author":1,"featured_media":0,"comment_status":"open","ping_status":"open","sticky":false,"template":"","format":"standard","meta":[],"categories":[7,3],"tags":[],"_links":{"self":[{"href":"https:\/\/ww2.ricardochaves.com.br\/index.php?rest_route=\/wp\/v2\/posts\/2706"}],"collection":[{"href":"https:\/\/ww2.ricardochaves.com.br\/index.php?rest_route=\/wp\/v2\/posts"}],"about":[{"href":"https:\/\/ww2.ricardochaves.com.br\/index.php?rest_route=\/wp\/v2\/types\/post"}],"author":[{"embeddable":true,"href":"https:\/\/ww2.ricardochaves.com.br\/index.php?rest_route=\/wp\/v2\/users\/1"}],"replies":[{"embeddable":true,"href":"https:\/\/ww2.ricardochaves.com.br\/index.php?rest_route=%2Fwp%2Fv2%2Fcomments&post=2706"}],"version-history":[{"count":3,"href":"https:\/\/ww2.ricardochaves.com.br\/index.php?rest_route=\/wp\/v2\/posts\/2706\/revisions"}],"predecessor-version":[{"id":2709,"href":"https:\/\/ww2.ricardochaves.com.br\/index.php?rest_route=\/wp\/v2\/posts\/2706\/revisions\/2709"}],"wp:attachment":[{"href":"https:\/\/ww2.ricardochaves.com.br\/index.php?rest_route=%2Fwp%2Fv2%2Fmedia&parent=2706"}],"wp:term":[{"taxonomy":"category","embeddable":true,"href":"https:\/\/ww2.ricardochaves.com.br\/index.php?rest_route=%2Fwp%2Fv2%2Fcategories&post=2706"},{"taxonomy":"post_tag","embeddable":true,"href":"https:\/\/ww2.ricardochaves.com.br\/index.php?rest_route=%2Fwp%2Fv2%2Ftags&post=2706"}],"curies":[{"name":"wp","href":"https:\/\/api.w.org\/{rel}","templated":true}]}}